{"id":3507,"date":"2016-07-16T16:52:46","date_gmt":"2016-07-16T15:52:46","guid":{"rendered":"http:\/\/staging.cat-int.org\/index.php\/2016\/07\/16\/mieux-mailler-le-renseignement-local\/"},"modified":"2016-07-16T16:52:46","modified_gmt":"2016-07-16T15:52:46","slug":"mieux-mailler-le-renseignement-local","status":"publish","type":"post","link":"https:\/\/staging.cat-int.org\/index.php\/2016\/07\/16\/mieux-mailler-le-renseignement-local\/","title":{"rendered":"Mieux mailler le renseignement local"},"content":{"rendered":"<p>Source : La Nouvelle R\u00e9publique<\/p>\n<p><!--more--><\/p>\n<p>Jean-Charles Brisard est pr\u00e9sident du Centre d&rsquo;analyse du terrorisme (CAT), un <i>think tank<\/i> qui travaille sur les questions de terrorisme et qui compte notamment dans son comit\u00e9 d&rsquo;honneur des figures comme le juge antiterroriste espagnol Baltazar Garzon ou le fran\u00e7ais Marc Tr\u00e9vidic.<br \/>\nPour ce sp\u00e9cialiste du terrorisme et de son financement, \u00e9galement ancien enqu\u00eateur en chef pour les familles internationales de victimes des attentats du 11\u00a0septembre 2001, il est faux de dire que cet attentat de Nice aurait pu \u00eatre absolument \u00e9vit\u00e9 si d&rsquo;autres moyens avaient \u00e9t\u00e9 d\u00e9ploy\u00e9s. <i>\u00ab\u00a0Je ne crois pas que ce soit un probl\u00e8me de moyens<\/i>. <i>Nous sommes arriv\u00e9s, je pense, au bout d&rsquo;un processus. Des dispositifs exceptionnels ont d\u00e9j\u00e0 mis en place. Et notamment l&rsquo;\u00e9tat d&rsquo;urgence dont on voit aussi les limites.\u00a0\u00bb <\/i>Pour lui, il faut <i>\u00ab\u00a0\u00eatre r\u00e9aliste, on ne pourra pas disposer de beaucoup plus de moyens suppl\u00e9mentaires\u00a0\u00bb<\/i>.<\/p>\n<div id=\"text\">\n<p><span class=\"inter\">&nbsp;&raquo; On a surtout fait dans le quantitatif &laquo;&nbsp;<\/span><\/p>\n<p>D&rsquo;autant plus que la France a beaucoup fait, ces derniers mois pour \u00e9toffer son syst\u00e8me de d\u00e9fense et son arsenal juridique. <i>\u00ab\u00a0N\u00e9anmoins, on a surtout fait dans le quantitatif. On a pris le parti de suivre les individus radicalis\u00e9s, les fich\u00e9s S et on a un peu oubli\u00e9 le reste, c&rsquo;est \u00e0 dire ceux qui peuvent se radicaliser, qui pr\u00e9sentent des signaux faibles, au niveau local\u00a0\u00bb <\/i>estime Jean-Charles Brisard<i>. <\/i>Il rappelle\u2009: <i>\u00ab\u00a0la menace est prot\u00e9iforme, diffuse, insaisissable\u00a0\u00bb <\/i>et regrette, qu&rsquo;au niveau du renseignement fran\u00e7ais, on ait <i>\u00ab\u00a0d\u00e9garni l&rsquo;\u00e9chelon local de la surveillance\u00a0\u00bb<\/i>.<br \/>\n<i>\u00ab\u00a0L&rsquo;enjeu aujourd&rsquo;hui pour les services fran\u00e7ais est de retrouver un maillage territorial suffisamment fin, comme elle l&rsquo;avait avec les RG, pour \u00eatre plus efficace. C&rsquo;est ce qu&rsquo;a soulign\u00e9 la commission d&rsquo;enqu\u00eate parlementaire qui a \u00e9tudi\u00e9 les attentats de 2015\u00a0<\/i>(lire ci-dessous)<i>. Il s&rsquo;agit d&rsquo;un axe fondamental.\u00a0\u00bb<\/i><br \/>\nEnfin, l&rsquo;attentat de Nice r\u00e9v\u00e8le \u00e9galement les capacit\u00e9s d&rsquo;adaptation des groupes djihadistes. <i>\u00ab\u00a0Le mode op\u00e9ratoire, celui d&rsquo;un individu seul ou de quelques individus \u2013 l&rsquo;enqu\u00eate le dira \u2013 est tr\u00e8s diff\u00e9rent de celui d&rsquo;un r\u00e9seau \u00e9labor\u00e9 comme \u00e0 Paris ou Bruxelles. Il n&rsquo;y avait jamais eu d&rsquo;attaque de cette ampleur en Europe mais c&rsquo;est un mode op\u00e9ratoire connu et utilis\u00e9 depuis 2010 notamment par al-Qaida dans la P\u00e9ninsule arabique et encourag\u00e9 par le groupe \u00c9tat islamique.\u00a0\u00bb<\/i><\/p>\n<p><span class=\"inter\">En savoir plus<\/span><\/p>\n<p>Le 5\u00a0juillet\u00a02016, les trente membres de la commission d&rsquo;enqu\u00eate relative aux moyens mis en \u0153uvre par l&rsquo;\u00c9tat pour lutter contre le terrorisme depuis le 7\u00a0janvier 2015\u00a0ont remis leur rapport et formul\u00e9 quarante propositions. Parmi celles-ci, la 14\u00a0pr\u00e9voit une refonte des services de renseignement fran\u00e7ais et propose de \u00ab\u00a0fusionner le SCRT (Service central du renseignement territorial) et la SDAO (Sous-direction de l&rsquo;anticipation op\u00e9rationnelle) dans une nouvelle direction g\u00e9n\u00e9rale du renseignement territorial, rattach\u00e9e directement au ministre de l&rsquo;Int\u00e9rieur. Partager les comp\u00e9tences de la DRPP (Direction du renseignement de la pr\u00e9fecture de police de Paris) entre la DGSI (Direction g\u00e9n\u00e9rale de la s\u00e9curit\u00e9 int\u00e9rieure) et cette nouvelle direction g\u00e9n\u00e9rale du renseignement territorial, conform\u00e9ment \u00e0 leurs champs respectifs de comp\u00e9tences. Int\u00e9grer la nouvelle direction g\u00e9n\u00e9rale du renseignement territorial au premier cercle de la communaut\u00e9 du renseignement.\u00a0\u00bb<\/p>\n<\/div>\n<div class=\"infosAuteur\"><span class=\"nom_auteur\">Recueilli par Olivier Pirot<\/span><\/div>\n<div class=\"infosAuteur\"><\/div>\n<div class=\"infosAuteur\"><a href=\"http:\/\/www.lanouvellerepublique.fr\/France-Monde\/Actualite\/Faits-divers-justice\/n\/Contenus\/Articles\/2016\/07\/16\/Mieux-mailler-le-renseignement-local-2784610\">Lire l&rsquo;article sur le site de la Nouvelle R\u00e9publique<\/a><\/div>\n","protected":false},"excerpt":{"rendered":"<p>Source : La Nouvelle R\u00e9publique<\/p>\n","protected":false},"author":3,"featured_media":0,"comment_status":"closed","ping_status":"closed","sticky":false,"template":"","format":"standard","meta":[],"categories":[62,83],"tags":[368,369,370],"_links":{"self":[{"href":"https:\/\/staging.cat-int.org\/index.php\/wp-json\/wp\/v2\/posts\/3507"}],"collection":[{"href":"https:\/\/staging.cat-int.org\/index.php\/wp-json\/wp\/v2\/posts"}],"about":[{"href":"https:\/\/staging.cat-int.org\/index.php\/wp-json\/wp\/v2\/types\/post"}],"author":[{"embeddable":true,"href":"https:\/\/staging.cat-int.org\/index.php\/wp-json\/wp\/v2\/users\/3"}],"replies":[{"embeddable":true,"href":"https:\/\/staging.cat-int.org\/index.php\/wp-json\/wp\/v2\/comments?post=3507"}],"version-history":[{"count":0,"href":"https:\/\/staging.cat-int.org\/index.php\/wp-json\/wp\/v2\/posts\/3507\/revisions"}],"wp:attachment":[{"href":"https:\/\/staging.cat-int.org\/index.php\/wp-json\/wp\/v2\/media?parent=3507"}],"wp:term":[{"taxonomy":"category","embeddable":true,"href":"https:\/\/staging.cat-int.org\/index.php\/wp-json\/wp\/v2\/categories?post=3507"},{"taxonomy":"post_tag","embeddable":true,"href":"https:\/\/staging.cat-int.org\/index.php\/wp-json\/wp\/v2\/tags?post=3507"}],"curies":[{"name":"wp","href":"https:\/\/api.w.org\/{rel}","templated":true}]}}